{"id":965,"date":"2022-11-07T21:15:17","date_gmt":"2022-11-07T20:15:17","guid":{"rendered":"https:\/\/initiative-teltower-vorstadt.de\/blog\/?p=965"},"modified":"2023-10-02T21:23:45","modified_gmt":"2023-10-02T19:23:45","slug":"der-begleitkreis-07-11","status":"publish","type":"post","link":"https:\/\/initiative-teltower-vorstadt.de\/blog\/2022\/11\/07\/der-begleitkreis-07-11\/","title":{"rendered":"Der Begleitkreis | 07.11.22"},"content":{"rendered":"\n<h4 class=\"wp-block-heading\">Zum Hintergrund<\/h4>\n\n\n\n<p style=\"text-align:left\">Potsdam verf\u00fcgt \u00fcber ein sogenanntes &#8222;wohnungspolitisches Konzept&#8220;. Also eine Sammlung an Instrumenten und Ma\u00dfnahmen zur Steuerung des Potsdamer Wohnungsmarktes. Es ist in den Jahren 2014 und 2015 unter breiter Beteiligung verschiedener Wohnungsmarktakteure erarbeitet worden.<\/p>\n\n\n\n<p><a rel=\"noreferrer noopener\" aria-label=\"Content (\u00f6ffnet in neuem Tab)\" href=\"https:\/\/deref-gmx.net\/mail\/client\/ONkcPsaCua4\/dereferrer\/?redirectUrl=https%3A%2F%2Fwww.potsdam.de%2Fcontent%2Fwohnungspolitisches-konzept-potsdam\" target=\"_blank\">Konzep<\/a><a href=\"https:\/\/deref-gmx.net\/mail\/client\/ONkcPsaCua4\/dereferrer\/?redirectUrl=https%3A%2F%2Fwww.potsdam.de%2Fcontent%2Fwohnungspolitisches-konzept-potsdam\" target=\"_blank\" rel=\"noreferrer noopener\" aria-label=\"Content (\u00f6ffnet in neuem Tab)\">t<\/a><\/p>\n\n\n\n<blockquote class=\"wp-block-quote is-layout-flow wp-block-quote-is-layout-flow\"><p>Die Mitwirkung erfolgte durch einen Begleitkreis, aus dem anschlie\u00dfend das &#8222;B\u00fcndnis f\u00fcr bezahlbares Bauen und Wohnen der Landeshauptstadt Potsdam&#8220; hervorging.<\/p><cite>Auszug aus einer E-Mail von der Verwaltung: weitere Informationen <a rel=\"noreferrer noopener\" aria-label=\"hier (\u00f6ffnet in neuem Tab)\" href=\"https:\/\/www.potsdam.de\/335-vereinbarung-fuer-buendnis-fuer-bezahlbares-wohnen-unterzeichnet\" target=\"_blank\">hier<\/a><\/cite><\/blockquote>\n\n\n\n<p>Der Begleitkreis dient als Austausch- und Diskussionsplattform der aktuelle Fortschreibung des wohnungspolitischen Konzeptes fachlich  begleitet.<br>Er besteht im Groben aus Vertreter*innen von:<\/p>\n\n\n\n<ul class=\"wp-block-list\"><li>Mieterverb\u00e4nde <\/li><li>andere zivilgesellschaftliche Interessensvertretungen<\/li><li>wohnungspolitische Sprecher*innen der Fraktionen der SVV <\/li><li>Wohnungswirtschaft <\/li><li>weitere Akteure des Wohnungsmarktes<\/li><\/ul>\n\n\n\n<h4 class=\"wp-block-heading\">bedeutung<\/h4>\n\n\n\n<p>Dazu z\u00e4hlen also auch zivilgesellschaftliche Akteure, die bisher nicht direkt im B\u00fcndnis vertreten waren.<br>Geplant sind f\u00fcnf Treffen pro Jahr, wobei das erste auf den 23.11.2022 festgesetzt wurde.<\/p>\n\n\n\n<p><strong>Nat\u00fcrlich nehmen wir diese Einladung an, um uns als Anwohner*innen-Initiative Teltower Vorstadt auch hier einbringen zu k\u00f6nnen.<\/strong><\/p>\n","protected":false},"excerpt":{"rendered":"<p>Zum Hintergrund Potsdam verf\u00fcgt \u00fcber ein sogenanntes &#8222;wohnungspolitisches Konzept&#8220;. Also eine Sammlung an Instrumenten und Ma\u00dfnahmen zur Steuerung des Potsdamer Wohnungsmarktes. Es ist in den Jahren 2014 und 2015 unter breiter Beteiligung verschiedener Wohnungsmarktakteure erarbeitet worden. Konzept Die Mitwirkung erfolgte durch einen Begleitkreis, aus dem anschlie\u00dfend das &#8222;B\u00fcndnis f\u00fcr bezahlbares Bauen und Wohnen der Landeshauptstadt &hellip; <a href=\"https:\/\/initiative-teltower-vorstadt.de\/blog\/2022\/11\/07\/der-begleitkreis-07-11\/\" class=\"more-link\"><span class=\"screen-reader-text\">\u201eDer Begleitkreis | 07.11.22\u201c<\/span> weiterlesen<\/a><\/p>\n","protected":false},"author":2,"featured_media":0,"comment_status":"closed","ping_status":"open","sticky":false,"template":"","format":"standard","meta":{"footnotes":""},"categories":[4],"tags":[76,308,7,90,300,20,56,221,126,28,306,319],"class_list":["post-965","post","type-post","status-publish","format-standard","hentry","category-offizielles","tag-anwohnerinnen","tag-begleitkreis","tag-beteiligung","tag-initiative","tag-landeshauptstadt-potsdam","tag-nachbarschaft","tag-stadtpolitik","tag-stadtverordnetenversammlung","tag-stadtverwaltung","tag-teltower-vorstadt","tag-vertreterinnen","tag-wopok"],"_links":{"self":[{"href":"https:\/\/initiative-teltower-vorstadt.de\/blog\/wp-json\/wp\/v2\/posts\/965","targetHints":{"allow":["GET"]}}],"collection":[{"href":"https:\/\/initiative-teltower-vorstadt.de\/blog\/wp-json\/wp\/v2\/posts"}],"about":[{"href":"https:\/\/initiative-teltower-vorstadt.de\/blog\/wp-json\/wp\/v2\/types\/post"}],"author":[{"embeddable":true,"href":"https:\/\/initiative-teltower-vorstadt.de\/blog\/wp-json\/wp\/v2\/users\/2"}],"replies":[{"embeddable":true,"href":"https:\/\/initiative-teltower-vorstadt.de\/blog\/wp-json\/wp\/v2\/comments?post=965"}],"version-history":[{"count":2,"href":"https:\/\/initiative-teltower-vorstadt.de\/blog\/wp-json\/wp\/v2\/posts\/965\/revisions"}],"predecessor-version":[{"id":1134,"href":"https:\/\/initiative-teltower-vorstadt.de\/blog\/wp-json\/wp\/v2\/posts\/965\/revisions\/1134"}],"wp:attachment":[{"href":"https:\/\/initiative-teltower-vorstadt.de\/blog\/wp-json\/wp\/v2\/media?parent=965"}],"wp:term":[{"taxonomy":"category","embeddable":true,"href":"https:\/\/initiative-teltower-vorstadt.de\/blog\/wp-json\/wp\/v2\/categories?post=965"},{"taxonomy":"post_tag","embeddable":true,"href":"https:\/\/initiative-teltower-vorstadt.de\/blog\/wp-json\/wp\/v2\/tags?post=965"}],"curies":[{"name":"wp","href":"https:\/\/api.w.org\/{rel}","templated":true}]}}