{"id":772,"date":"2022-05-25T12:30:46","date_gmt":"2022-05-25T10:30:46","guid":{"rendered":"https:\/\/initiative-teltower-vorstadt.de\/blog\/?p=772"},"modified":"2023-10-02T21:25:08","modified_gmt":"2023-10-02T19:25:08","slug":"mietendeckel-entspurt-31-05","status":"publish","type":"post","link":"https:\/\/initiative-teltower-vorstadt.de\/blog\/2022\/05\/25\/mietendeckel-entspurt-31-05\/","title":{"rendered":"Mietendeckel &#8211; Entspurt | 25.05.22"},"content":{"rendered":"\n<p>Es ist soweit, der <strong>Entspurt <\/strong>ist angebrochen und der Zusammenschluss aus Initiativen ist dabei einen guten <strong>Puffer <\/strong>an Unterschriften zusammenzubekommen, um auch die ung\u00fcltigen oder doppelten Unterschriften abfangen zu k\u00f6nnen.<\/p>\n\n\n\n<figure class=\"wp-block-image\"><img loading=\"lazy\" decoding=\"async\" width=\"602\" height=\"111\" src=\"https:\/\/initiative-teltower-vorstadt.de\/blog\/wp-content\/uploads\/2022\/05\/Girlande-1.jpg\" alt=\"\" class=\"wp-image-766\" srcset=\"https:\/\/initiative-teltower-vorstadt.de\/blog\/wp-content\/uploads\/2022\/05\/Girlande-1.jpg 602w, https:\/\/initiative-teltower-vorstadt.de\/blog\/wp-content\/uploads\/2022\/05\/Girlande-1-300x55.jpg 300w\" sizes=\"auto, (max-width: 709px) 85vw, (max-width: 909px) 67vw, (max-width: 984px) 61vw, (max-width: 1362px) 45vw, 600px\" \/><\/figure>\n\n\n\n<h4 class=\"wp-block-heading\"> Abgabe: 31.05. &#8211; Stadthaus &#8211; 15 Uhr<\/h4>\n\n\n\n<p>Bis dahin wird noch flei\u00dfig gesammelt, inkl. weiter entfernter Stadtteile wie Fahrland.<\/p>\n\n\n\n<p>Die letzten Standtermine sind auf der Homepage der Initiative und deren Facebookseite ausgeschrieben.<br>Listen k\u00f6nnen am freiLand im Briefkasten eingeworfen werden.<\/p>\n","protected":false},"excerpt":{"rendered":"<p>Es ist soweit, der Entspurt ist angebrochen und der Zusammenschluss aus Initiativen ist dabei einen guten Puffer an Unterschriften zusammenzubekommen, um auch die ung\u00fcltigen oder doppelten Unterschriften abfangen zu k\u00f6nnen. Abgabe: 31.05. &#8211; Stadthaus &#8211; 15 Uhr Bis dahin wird noch flei\u00dfig gesammelt, inkl. weiter entfernter Stadtteile wie Fahrland. Die letzten Standtermine sind auf der &hellip; <a href=\"https:\/\/initiative-teltower-vorstadt.de\/blog\/2022\/05\/25\/mietendeckel-entspurt-31-05\/\" class=\"more-link\"><span class=\"screen-reader-text\">\u201eMietendeckel &#8211; Entspurt | 25.05.22\u201c<\/span> weiterlesen<\/a><\/p>\n","protected":false},"author":2,"featured_media":0,"comment_status":"closed","ping_status":"open","sticky":false,"template":"","format":"standard","meta":{"footnotes":""},"categories":[4,1],"tags":[76,91,90,300,114,20,57,95,56,221,126,28],"class_list":["post-772","post","type-post","status-publish","format-standard","hentry","category-offizielles","category-vermischtes","tag-anwohnerinnen","tag-engagement","tag-initiative","tag-landeshauptstadt-potsdam","tag-mietendeckel","tag-nachbarschaft","tag-oberbuergermeister","tag-propotsdam","tag-stadtpolitik","tag-stadtverordnetenversammlung","tag-stadtverwaltung","tag-teltower-vorstadt"],"_links":{"self":[{"href":"https:\/\/initiative-teltower-vorstadt.de\/blog\/wp-json\/wp\/v2\/posts\/772","targetHints":{"allow":["GET"]}}],"collection":[{"href":"https:\/\/initiative-teltower-vorstadt.de\/blog\/wp-json\/wp\/v2\/posts"}],"about":[{"href":"https:\/\/initiative-teltower-vorstadt.de\/blog\/wp-json\/wp\/v2\/types\/post"}],"author":[{"embeddable":true,"href":"https:\/\/initiative-teltower-vorstadt.de\/blog\/wp-json\/wp\/v2\/users\/2"}],"replies":[{"embeddable":true,"href":"https:\/\/initiative-teltower-vorstadt.de\/blog\/wp-json\/wp\/v2\/comments?post=772"}],"version-history":[{"count":4,"href":"https:\/\/initiative-teltower-vorstadt.de\/blog\/wp-json\/wp\/v2\/posts\/772\/revisions"}],"predecessor-version":[{"id":1147,"href":"https:\/\/initiative-teltower-vorstadt.de\/blog\/wp-json\/wp\/v2\/posts\/772\/revisions\/1147"}],"wp:attachment":[{"href":"https:\/\/initiative-teltower-vorstadt.de\/blog\/wp-json\/wp\/v2\/media?parent=772"}],"wp:term":[{"taxonomy":"category","embeddable":true,"href":"https:\/\/initiative-teltower-vorstadt.de\/blog\/wp-json\/wp\/v2\/categories?post=772"},{"taxonomy":"post_tag","embeddable":true,"href":"https:\/\/initiative-teltower-vorstadt.de\/blog\/wp-json\/wp\/v2\/tags?post=772"}],"curies":[{"name":"wp","href":"https:\/\/api.w.org\/{rel}","templated":true}]}}