{"id":716,"date":"2022-03-02T20:00:03","date_gmt":"2022-03-02T19:00:03","guid":{"rendered":"https:\/\/initiative-teltower-vorstadt.de\/blog\/?p=716"},"modified":"2023-10-02T21:25:53","modified_gmt":"2023-10-02T19:25:53","slug":"es-verhallte-im-wald-02-03","status":"publish","type":"post","link":"https:\/\/initiative-teltower-vorstadt.de\/blog\/2022\/03\/02\/es-verhallte-im-wald-02-03\/","title":{"rendered":"Es verhallte im Wald&#8230; | 02.03.22"},"content":{"rendered":"\n<p>Seit unserer ersten Anfrage an den Gesch\u00e4ftsbereich 3 ist nunmehr gut ein Monat ohne R\u00fcckmeldung vergangen. Auch auf unsere zweite Anfrage vom 20.02.2022 haben wir bis heute keine R\u00fcckmeldung erhalten &#8211; nicht mal eine automatische Eingangsbest\u00e4tigung.<\/p>\n\n\n\n<p>Das haben wir nun zum Anlass genommen und einen \u00f6ffentlichen Brief formuliert, der sowohl an die SVV, als auch die Fraktionen, den OB und einige Pressekontakte ging (MAZ, PNN, Blickpunkt).<\/p>\n\n\n\n<div class=\"wp-block-file\"><a href=\"https:\/\/initiative-teltower-vorstadt.de\/blog\/wp-content\/uploads\/2022\/03\/2022-03-02_\u00d6ffentlicherBriefSVV_SozialeErhaltungssatzung.pdf\">\u00d6ffentlicher Brief zur soz. Erhaltungssatzung<\/a><a href=\"https:\/\/initiative-teltower-vorstadt.de\/blog\/wp-content\/uploads\/2022\/03\/2022-03-02_\u00d6ffentlicherBriefSVV_SozialeErhaltungssatzung.pdf\" class=\"wp-block-file__button\" download>Herunterladen<\/a><\/div>\n\n\n\n<p>Grob zusammengefasst geht es in unserem Brief darum, dass wir es als unzureichend empfinden, wie die Stadtverordnetenversammlug mit ihrer Verantwortung gegen\u00fcber der Bev\u00f6lkerung umgeht. Es entsteht der unweigerliche Eindruck, dass Bauvorhaben, wie das RAW-Gel\u00e4nde um L\u00e4ngen wichtiger sind, als die dadurch verst\u00e4rkt implizierten wohnungspolitischen Folgen, welche es abzuschw\u00e4chen gilt.<\/p>\n\n\n\n<h4 class=\"wp-block-heading\">was wird aus dem Statement der svv?<\/h4>\n\n\n\n<p>Die Stadtverordneten haben bereits 2019 ein klares, positives Statement ZUR SOZIALEN ERHALTUNGSSATZUNG gegeben, und doch verschiebt sich deren Erwarbeitung, Implementierung und damit Umsetzung weiterhin. Mittlerweile sprechen wir von mind. vier Jahren (Antrag 2019 &gt; fr\u00fchestm\u00f6glicher Start bei Zeitplaneinhaltung 01\/2023).<\/p>\n\n\n\n<p>Die Verwaltung hatte erst im November vergangenen Jahres angek\u00fcndigt, dass eine Ausschreibun noch in 2021 erfolgen wird, damit in Q1\/22 die Einwohnerversammlung f\u00fcr das weitere Vorgehen im Screeningverfahren einberufen werden kann.<br>Es ist mittlerweile M\u00e4rz und das Quartal so gut wie um, und unsere Anfragen zur Halbzeit des Quartals verhallen still im Wald der B\u00fcrokratie. Entsteht auch hier unweigerlich der Eindruck, dass diese Ausschreibung vielleicht noch gar nicht stattgefunden hat &#8211; aus welchen, noch so hieb- und stichfesten Gr\u00fcnden auch immer &#8211; und somit auch noch keine Antworten auf die Fragen gegeben werden k\u00f6nnen.<\/p>\n\n\n\n<h4 class=\"wp-block-heading\">Transparenz sieht anders aus<\/h4>\n\n\n\n<blockquote class=\"wp-block-quote is-layout-flow wp-block-quote-is-layout-flow\"><p>Wir fordern die Stadtpolitiker*innen daher auf zu ihrem Wort zu stehen, und die soziale Erhaltungssatzung ohne weitere Verz\u00f6gerung an den Start zu bringen, um den Entwicklungen der wohnungspolitischen Trends etwas entgegensetzen zu k\u00f6nnen und Gentrifizierungseffekte zu mindern oder sogar zu unterbinden.<\/p><cite>Anwohner*in der Teltower Vorstadt<\/cite><\/blockquote>\n\n\n\n<p>Wir werden auch weiterhin hartn\u00e4ckig fragen, Hilfe anbieten und Potenziale aufzeigen.<\/p>\n","protected":false},"excerpt":{"rendered":"<p>Seit unserer ersten Anfrage an den Gesch\u00e4ftsbereich 3 ist nunmehr gut ein Monat ohne R\u00fcckmeldung vergangen. Auch auf unsere zweite Anfrage vom 20.02.2022 haben wir bis heute keine R\u00fcckmeldung erhalten &#8211; nicht mal eine automatische Eingangsbest\u00e4tigung. Das haben wir nun zum Anlass genommen und einen \u00f6ffentlichen Brief formuliert, der sowohl an die SVV, als auch &hellip; <a href=\"https:\/\/initiative-teltower-vorstadt.de\/blog\/2022\/03\/02\/es-verhallte-im-wald-02-03\/\" class=\"more-link\"><span class=\"screen-reader-text\">\u201eEs verhallte im Wald&#8230; | 02.03.22\u201c<\/span> weiterlesen<\/a><\/p>\n","protected":false},"author":2,"featured_media":0,"comment_status":"closed","ping_status":"open","sticky":false,"template":"","format":"standard","meta":{"footnotes":""},"categories":[4],"tags":[181,58,165,91,49,90,300,185,74,20,57,16,17,48,105,56,221,126,28],"class_list":["post-716","post","type-post","status-publish","format-standard","hentry","category-offizielles","tag-datenerhebung","tag-dialog","tag-digital-hub","tag-engagement","tag-fraktionen","tag-initiative","tag-landeshauptstadt-potsdam","tag-meier","tag-milieuschutz","tag-nachbarschaft","tag-oberbuergermeister","tag-offener-brief","tag-oeffentlichkeitsarbeit","tag-raw","tag-soziale-erhaltungssatzung","tag-stadtpolitik","tag-stadtverordnetenversammlung","tag-stadtverwaltung","tag-teltower-vorstadt"],"_links":{"self":[{"href":"https:\/\/initiative-teltower-vorstadt.de\/blog\/wp-json\/wp\/v2\/posts\/716","targetHints":{"allow":["GET"]}}],"collection":[{"href":"https:\/\/initiative-teltower-vorstadt.de\/blog\/wp-json\/wp\/v2\/posts"}],"about":[{"href":"https:\/\/initiative-teltower-vorstadt.de\/blog\/wp-json\/wp\/v2\/types\/post"}],"author":[{"embeddable":true,"href":"https:\/\/initiative-teltower-vorstadt.de\/blog\/wp-json\/wp\/v2\/users\/2"}],"replies":[{"embeddable":true,"href":"https:\/\/initiative-teltower-vorstadt.de\/blog\/wp-json\/wp\/v2\/comments?post=716"}],"version-history":[{"count":3,"href":"https:\/\/initiative-teltower-vorstadt.de\/blog\/wp-json\/wp\/v2\/posts\/716\/revisions"}],"predecessor-version":[{"id":1155,"href":"https:\/\/initiative-teltower-vorstadt.de\/blog\/wp-json\/wp\/v2\/posts\/716\/revisions\/1155"}],"wp:attachment":[{"href":"https:\/\/initiative-teltower-vorstadt.de\/blog\/wp-json\/wp\/v2\/media?parent=716"}],"wp:term":[{"taxonomy":"category","embeddable":true,"href":"https:\/\/initiative-teltower-vorstadt.de\/blog\/wp-json\/wp\/v2\/categories?post=716"},{"taxonomy":"post_tag","embeddable":true,"href":"https:\/\/initiative-teltower-vorstadt.de\/blog\/wp-json\/wp\/v2\/tags?post=716"}],"curies":[{"name":"wp","href":"https:\/\/api.w.org\/{rel}","templated":true}]}}