{"id":495,"date":"2020-12-31T15:00:07","date_gmt":"2020-12-31T14:00:07","guid":{"rendered":"https:\/\/initiative-teltower-vorstadt.de\/blog\/?p=495"},"modified":"2023-10-02T21:30:12","modified_gmt":"2023-10-02T19:30:12","slug":"jahresende-2020","status":"publish","type":"post","link":"https:\/\/initiative-teltower-vorstadt.de\/blog\/2020\/12\/31\/jahresende-2020\/","title":{"rendered":"Jahresende 2020 | 31.12.20"},"content":{"rendered":"\n<p>Hinter uns liegt ein anstrengendes, kompliziertes und in manchen Teilen sicher auch frustrierendes Jahr 2020. Seien es die letzen Bem\u00fchungen die Anliegen der Anwohner*innen in die Planung und Umsetzung des RAW-Projektes einzubringen, oder die Umst\u00e4nde Treffen in neuen Rahmen zu veranstalten. Dazu kommt dann sicherlich auch dieses kleine, nicht greifbare Virus, dass die Menschheit auf Trapp h\u00e4lt und so manchem Plan einen Strich durch die Rechnung gemacht hat.<\/p>\n\n\n\n<h4 class=\"wp-block-heading\">ein Resum\u00e9e<\/h4>\n\n\n\n<p>Alles in allem war das Jahr 2020 aber auch erfolgreich in vielerlei Hinsicht:<\/p>\n\n\n\n<ul class=\"wp-block-list\"><li>wir konnten noch einmal die Anliegen der Anwohner*innen in die Planung des <strong>RAW-Projektes<\/strong> einbringen und so Einfluss nehmen (hier k\u00f6nnen w\u00e4hrend der \u00f6ffentlichen Auslegung noch ein letztes Mal aktiv Bedenken von \u00f6ffentlicher Seite eingereicht werden)<\/li><li>die Stadtverwaltung hat einmal mehr feststellen m\u00fcssen, dass solche Gro\u00dfprojekte nicht einfach an den B\u00fcrger*innen vorbei durchgewunken werden k\u00f6nnen und <strong>B\u00fcrgerbeteiligung <\/strong>auch proaktiven Diskurs bedeutet und nicht nur &#8222;eine Liste auslegen und diese dann ignorieren&#8220;<\/li><li>der Aufstellungsbeschluss f\u00fcr die <strong>Erhaltungssatzung <\/strong>wurde gefasst und hat der Stadtverwaltung so ein Jahr Luft gegeben sich auf die Ausarbeitung zu st\u00fcrzen<\/li><li>ebenfalls haben wir uns intensiv mit der <strong>LINKEN <\/strong>ausgetauscht und starkes Interesse an einer Unterst\u00fctzung zur Ausarbeitung dieser Satzung bekundet<\/li><li>unser <strong>Kiez <\/strong>hat einmal mehr gezeigt, dass er lebendig ist und die Menschen einander helfen, wenn es hart auf hart kommt<\/li><li>das <strong>freiLand <\/strong>hat uns mehr als einmal die M\u00f6glichkeit gegeben uns innen wie au\u00dfen zu treffen und so ein Voranschreiten der Aktionen unserer Initiative zu erm\u00f6glichen &#8211; an dieser Stelle ein gro\u00dfes DANKE an euch!<\/li><\/ul>\n\n\n\n<h4 class=\"wp-block-heading\">to be continued&#8230;<\/h4>\n\n\n\n<p>Was bedeutet das f\u00fcr uns, nun wo das RAW-Projekt ins Rollen kommt? <br>Nun, wir hoffen, dass sich nochmals viele Anwohner*innen und B\u00fcrger*innen bei der \u00f6ffentlichen Auslegung beteiligen, um Ihren Bedenken Raum zu geben. Dar\u00fcber hinaus wollen wir weiterhin f\u00fcr Anliegen der Anwohner*innen als Sprachrohr fungieren und so eine Plattform f\u00fcr Austausch und Innovation bieten. Vielleicht schaffen wir es gemeinsam im Kiez einen regelm\u00e4\u00dfigen &#8222;Alltag&#8220; zu etablieren, sei es nun in monatlichen Tauschtreffen, oder Begegnusngsorten wie dem freiLand.<\/p>\n\n\n\n<p>Wir sind uns in jedem Fall einig, dass unser Engagement und das daraus entstandene Netzwerk nicht mit dem Einsatz am RAW-Projekt beendet wurden, sondern, dass dies die Chance bietet ein dauerhaftes Nachbarschaftsnetz in unserem Kiez zu etablieren. Wo jede*r sich mit seinen M\u00f6glichkeiten einbringen kann und aufgehoben f\u00fchlt. <br><strong>Gemeinsam sind wir st\u00e4rker!<\/strong><\/p>\n\n\n\n<h4 class=\"wp-block-heading\">Bye, bye 2020 &#8211; Hello 2021!<\/h4>\n\n\n\n<p style=\"text-align:left\">In diesem Sinne w\u00fcnschen wir allen Anwohner*innen, Leser*innen und Akteur*innen einen besinnlichen Jahresausklang &#8211; heuer leider ohne Weihnachtstisch &#8211; viel Gesundheit und einen gelungenen Start in ein chancenreiches Jahr 2021!<br><\/p>\n","protected":false},"excerpt":{"rendered":"<p>Hinter uns liegt ein anstrengendes, kompliziertes und in manchen Teilen sicher auch frustrierendes Jahr 2020. Seien es die letzen Bem\u00fchungen die Anliegen der Anwohner*innen in die Planung und Umsetzung des RAW-Projektes einzubringen, oder die Umst\u00e4nde Treffen in neuen Rahmen zu veranstalten. Dazu kommt dann sicherlich auch dieses kleine, nicht greifbare Virus, dass die Menschheit auf &hellip; <a href=\"https:\/\/initiative-teltower-vorstadt.de\/blog\/2020\/12\/31\/jahresende-2020\/\" class=\"more-link\"><span class=\"screen-reader-text\">\u201eJahresende 2020 | 31.12.20\u201c<\/span> weiterlesen<\/a><\/p>\n","protected":false},"author":2,"featured_media":0,"comment_status":"closed","ping_status":"open","sticky":false,"template":"","format":"standard","meta":{"footnotes":""},"categories":[1],"tags":[76,91,59,90,19,74,20,48,109,56],"class_list":["post-495","post","type-post","status-publish","format-standard","hentry","category-vermischtes","tag-anwohnerinnen","tag-engagement","tag-erhaltungssatzung","tag-initiative","tag-kiez","tag-milieuschutz","tag-nachbarschaft","tag-raw","tag-resumee","tag-stadtpolitik"],"_links":{"self":[{"href":"https:\/\/initiative-teltower-vorstadt.de\/blog\/wp-json\/wp\/v2\/posts\/495","targetHints":{"allow":["GET"]}}],"collection":[{"href":"https:\/\/initiative-teltower-vorstadt.de\/blog\/wp-json\/wp\/v2\/posts"}],"about":[{"href":"https:\/\/initiative-teltower-vorstadt.de\/blog\/wp-json\/wp\/v2\/types\/post"}],"author":[{"embeddable":true,"href":"https:\/\/initiative-teltower-vorstadt.de\/blog\/wp-json\/wp\/v2\/users\/2"}],"replies":[{"embeddable":true,"href":"https:\/\/initiative-teltower-vorstadt.de\/blog\/wp-json\/wp\/v2\/comments?post=495"}],"version-history":[{"count":4,"href":"https:\/\/initiative-teltower-vorstadt.de\/blog\/wp-json\/wp\/v2\/posts\/495\/revisions"}],"predecessor-version":[{"id":1184,"href":"https:\/\/initiative-teltower-vorstadt.de\/blog\/wp-json\/wp\/v2\/posts\/495\/revisions\/1184"}],"wp:attachment":[{"href":"https:\/\/initiative-teltower-vorstadt.de\/blog\/wp-json\/wp\/v2\/media?parent=495"}],"wp:term":[{"taxonomy":"category","embeddable":true,"href":"https:\/\/initiative-teltower-vorstadt.de\/blog\/wp-json\/wp\/v2\/categories?post=495"},{"taxonomy":"post_tag","embeddable":true,"href":"https:\/\/initiative-teltower-vorstadt.de\/blog\/wp-json\/wp\/v2\/tags?post=495"}],"curies":[{"name":"wp","href":"https:\/\/api.w.org\/{rel}","templated":true}]}}