{"id":350,"date":"2020-08-13T12:00:57","date_gmt":"2020-08-13T10:00:57","guid":{"rendered":"https:\/\/initiative-teltower-vorstadt.de\/blog\/?p=350"},"modified":"2023-10-02T21:33:06","modified_gmt":"2023-10-02T19:33:06","slug":"wichtiges-treffen-13-08-19-uhr","status":"publish","type":"post","link":"https:\/\/initiative-teltower-vorstadt.de\/blog\/2020\/08\/13\/wichtiges-treffen-13-08-19-uhr\/","title":{"rendered":"Wichtiges Treffen | 13.08.20"},"content":{"rendered":"\n<p>Liebe Anwohner*innen und Mitstreiter*innen,<\/p>\n\n\n\n<p>hier eine kurzes Update aus den Reihen unserer Initiative: <strong>die  Bauplanung f\u00fcr das RAW-Gel\u00e4nde biegt auf die Zielgeraden ein. <\/strong><br>Am   Mittwoch kommender Woche werden die finalen Entw\u00fcrfe und Vertr\u00e4ge in der   Stadtverordnetenversammlung verhandelt.  <\/p>\n\n\n\n<h2 class=\"wp-block-heading\">Was bisher geschah&#8230;<\/h2>\n\n\n\n<h4 class=\"wp-block-heading\">PResse<\/h4>\n\n\n\n<p>Die <strong>Presse <\/strong>hat inzwischen ebenfallls dar\u00fcber berichtet ( <a rel=\"noreferrer noopener\" aria-label=\" (\u00f6ffnet in neuem Tab)\" href=\"https:\/\/www.maz-online.de\/Lokales\/Potsdam\/Potsdam-Eile-beim-RAW-Projekt-Creative-Village\" target=\"_blank\">MAZ+<\/a> |  <a rel=\"noreferrer noopener\" aria-label=\" (\u00f6ffnet in neuem Tab)\" href=\"https:\/\/www.pnn.de\/potsdam\/wie-geht-es-mit-dem-raw-weiter-die-plaene-fuer-potsdams-digitalzentrum-werden-konkreter\/26086162.html\" target=\"_blank\">PNN <\/a> | <a rel=\"noreferrer noopener\" aria-label=\" (\u00f6ffnet in neuem Tab)\" href=\"https:\/\/deref-gmx.net\/mail\/client\/jB18b6SOnSA\/dereferrer\/?redirectUrl=http%3A%2F%2Fpotsdam-stadtfueralle.de%2F2020%2F08%2F12%2Fbeschleunigte-verfahren-beim-raw-die-prioritaeten-der-stadtverwaltung-in-potsdam%2F\" target=\"_blank\">Stadt f\u00fcr alle<\/a> ) und stellt ebenfalls ein paar M\u00e4ngel klar. <\/p>\n\n\n\n<h4 class=\"wp-block-heading\">Beschlussvorlage<\/h4>\n\n\n\n<p>Die Dokumente zur <a href=\"https:\/\/egov.potsdam.de\/bi\/vo020.asp?VOLFDNR=31913\" target=\"_blank\" rel=\"noreferrer noopener\" aria-label=\" (\u00f6ffnet in neuem Tab)\">Beschlussvorlage <\/a>liegen nun im <strong>Ratsinformationssystem <\/strong>vor. Unter dem Link sind alle Unterlagen zum Bauvorhaben zu finden, inklusive der  Abw\u00e4gungen aller bisherigen Einw\u00e4nde und des Entwurfs des  Durchf\u00fchrungsvertrags. <br><br><strong>Viel  Lesestoff, aber wichtig<\/strong>, denn daran  entscheidet sich die Zukunft des  RAWs und damit auch der Nachbarschaft. <\/p>\n\n\n\n<blockquote class=\"wp-block-quote is-layout-flow wp-block-quote-is-layout-flow\"><p> Vorlage &#8211; 20\/SVV\/0801 &#8211; Vorhabenbezogener Bebauungsplan Nr. 36 &#8222;Neue   Halle \/ \u00f6stliches RAW-Gel\u00e4nde&#8220; &#8211; Zwischenabw\u00e4gung, Zustimmung zu den   Entw\u00fcrfen des Vorhaben- und Erschlie\u00dfungsplans und vorhabenbezogenen   Bebauungsplans sowie Zustimmung zum Durchf\u00fchrungsvertrag und Auslegung <\/p><cite>Ratsinformationssystem Stadt Potsdam<\/cite><\/blockquote>\n\n\n\n<h2 class=\"wp-block-heading\">Wir ziehen Konsequenzen&#8230;<\/h2>\n\n\n\n<p>Die  ersten Reaktionen in der Initiative zeigen, dass wir unbedingt noch  einmal aktiv werden m\u00fcssen, um bis zum kommenden Mittwoch (Stadtverordnetenversammlung) die Aufmerksamkeit von \u00d6ffentlichkeit und insbesondere der Stadtverordneten auf die Schwachstellen zu lenken (nur einige wenige Punkte, die nach einem ersten Sichten herausstechen):<\/p>\n\n\n\n<ul class=\"wp-block-list\"><li>So  wird die bislang <strong>schwache Entwicklung in Sachen sozialer  Erhaltungssatzung <\/strong>einfach hingenommen und trotz dessen der Ruf nach  einer vorzeitigen Baugenehmigung erneuert. <br>Ein klar unhaltbarer Zustand,  und genau die Situation, vor der wir von Anfang gewarnt hatten.<\/li><li>Die <strong>Abw\u00e4gung zu einigen Einw\u00e4nden ist \u00fcberaus kurz<\/strong> geraten und so gut wie immer zu Gunsten des Bauprojekts ausgefallen<\/li><li>Der  <strong>Durchf\u00fchrungsvertrag<\/strong> definiert viel Prozedere, aber <strong>kaum Details zum  tats\u00e4chlichen Bau und dessen Nutzung<\/strong>. <br>Auch dies ein Fall, vor dem wir  fr\u00fchzeitig gewarnt hatten, da man sich so vollends auf die Aussagen des  Investors verl\u00e4sst und auf eine rechtliche Handhabe zur Durchsetzung  verzichtet.<\/li><\/ul>\n\n\n\n<p>Wir wollen uns daher (coronakonform) <strong>treffen<\/strong>, um uns  zu den <strong>Unterlagen auszutauschen <\/strong>und <strong>weitere Schritte<\/strong> zu planen. <br>Treffpunkt ist  aufgrund der Hitze der halbwegs k\u00fchle und schattige <strong>Hinterhof in der  Schlaatzstr. 19<\/strong>.<\/p>\n\n\n\n<h4 class=\"wp-block-heading\">!  Wir freuen uns auf rege Beteiligung ! <\/h4>\n","protected":false},"excerpt":{"rendered":"<p>Liebe Anwohner*innen und Mitstreiter*innen, hier eine kurzes Update aus den Reihen unserer Initiative: die Bauplanung f\u00fcr das RAW-Gel\u00e4nde biegt auf die Zielgeraden ein. Am Mittwoch kommender Woche werden die finalen Entw\u00fcrfe und Vertr\u00e4ge in der Stadtverordnetenversammlung verhandelt. Was bisher geschah&#8230; PResse Die Presse hat inzwischen ebenfallls dar\u00fcber berichtet ( MAZ+ | PNN | Stadt f\u00fcr &hellip; <a href=\"https:\/\/initiative-teltower-vorstadt.de\/blog\/2020\/08\/13\/wichtiges-treffen-13-08-19-uhr\/\" class=\"more-link\"><span class=\"screen-reader-text\">\u201eWichtiges Treffen | 13.08.20\u201c<\/span> weiterlesen<\/a><\/p>\n","protected":false},"author":2,"featured_media":0,"comment_status":"closed","ping_status":"open","sticky":false,"template":"","format":"standard","meta":{"footnotes":""},"categories":[9,4],"tags":[61,71,63,59,74,17,30,48,56,12,13,28,5],"class_list":["post-350","post","type-post","status-publish","format-standard","hentry","category-einladungen","category-offizielles","tag-abwaegungen","tag-bauvorhaben","tag-beschlussvorlage","tag-erhaltungssatzung","tag-milieuschutz","tag-oeffentlichkeitsarbeit","tag-potsdam","tag-raw","tag-stadtpolitik","tag-stellungnahme","tag-svv","tag-teltower-vorstadt","tag-treffen"],"_links":{"self":[{"href":"https:\/\/initiative-teltower-vorstadt.de\/blog\/wp-json\/wp\/v2\/posts\/350","targetHints":{"allow":["GET"]}}],"collection":[{"href":"https:\/\/initiative-teltower-vorstadt.de\/blog\/wp-json\/wp\/v2\/posts"}],"about":[{"href":"https:\/\/initiative-teltower-vorstadt.de\/blog\/wp-json\/wp\/v2\/types\/post"}],"author":[{"embeddable":true,"href":"https:\/\/initiative-teltower-vorstadt.de\/blog\/wp-json\/wp\/v2\/users\/2"}],"replies":[{"embeddable":true,"href":"https:\/\/initiative-teltower-vorstadt.de\/blog\/wp-json\/wp\/v2\/comments?post=350"}],"version-history":[{"count":5,"href":"https:\/\/initiative-teltower-vorstadt.de\/blog\/wp-json\/wp\/v2\/posts\/350\/revisions"}],"predecessor-version":[{"id":1201,"href":"https:\/\/initiative-teltower-vorstadt.de\/blog\/wp-json\/wp\/v2\/posts\/350\/revisions\/1201"}],"wp:attachment":[{"href":"https:\/\/initiative-teltower-vorstadt.de\/blog\/wp-json\/wp\/v2\/media?parent=350"}],"wp:term":[{"taxonomy":"category","embeddable":true,"href":"https:\/\/initiative-teltower-vorstadt.de\/blog\/wp-json\/wp\/v2\/categories?post=350"},{"taxonomy":"post_tag","embeddable":true,"href":"https:\/\/initiative-teltower-vorstadt.de\/blog\/wp-json\/wp\/v2\/tags?post=350"}],"curies":[{"name":"wp","href":"https:\/\/api.w.org\/{rel}","templated":true}]}}