{"id":319,"date":"2020-06-17T22:29:47","date_gmt":"2020-06-17T20:29:47","guid":{"rendered":"https:\/\/initiative-teltower-vorstadt.de\/blog\/?p=319"},"modified":"2023-10-02T21:33:28","modified_gmt":"2023-10-02T19:33:28","slug":"was-gibt-es-neues-zum-raw-projekt","status":"publish","type":"post","link":"https:\/\/initiative-teltower-vorstadt.de\/blog\/2020\/06\/17\/was-gibt-es-neues-zum-raw-projekt\/","title":{"rendered":"Was gibt es Neues zum RAW-Projekt? | 17.06.20"},"content":{"rendered":"\n<p>Am 23.6. steht Herr Nauheimer als Gesch\u00e4ftsf\u00fchrer der The RAW Potsdam GmbH f\u00fcr Fragen zum aktuellen Stand des Bauprojekts auf dem fr\u00fcheren RAW-Gel\u00e4nde zur Verf\u00fcgung. Das Gespr\u00e4ch findet ab 18:30 Uhr im Gartenlokal &#8222;Am \u00dcbergang&#8220; in der Friedrich-Engels-Str. (gegen\u00fcber den Bahngleisen zwischen MAZ und Nutheschnellstra\u00dfe) statt. Interessierte sind herzlich willkommen.<\/p>\n","protected":false},"excerpt":{"rendered":"<p>Am 23.6. steht Herr Nauheimer als Gesch\u00e4ftsf\u00fchrer der The RAW Potsdam GmbH f\u00fcr Fragen zum aktuellen Stand des Bauprojekts auf dem fr\u00fcheren RAW-Gel\u00e4nde zur Verf\u00fcgung. Das Gespr\u00e4ch findet ab 18:30 Uhr im Gartenlokal &#8222;Am \u00dcbergang&#8220; in der Friedrich-Engels-Str. (gegen\u00fcber den Bahngleisen zwischen MAZ und Nutheschnellstra\u00dfe) statt. Interessierte sind herzlich willkommen.<\/p>\n","protected":false},"author":3,"featured_media":0,"comment_status":"closed","ping_status":"open","sticky":false,"template":"","format":"standard","meta":{"footnotes":""},"categories":[9],"tags":[76,71,380,165,383,384,48,56,221,28],"class_list":["post-319","post","type-post","status-publish","format-standard","hentry","category-einladungen","tag-anwohnerinnen","tag-bauvorhaben","tag-creative-village","tag-digital-hub","tag-michael-zeligman","tag-mirco-nauheimer","tag-raw","tag-stadtpolitik","tag-stadtverordnetenversammlung","tag-teltower-vorstadt"],"_links":{"self":[{"href":"https:\/\/initiative-teltower-vorstadt.de\/blog\/wp-json\/wp\/v2\/posts\/319","targetHints":{"allow":["GET"]}}],"collection":[{"href":"https:\/\/initiative-teltower-vorstadt.de\/blog\/wp-json\/wp\/v2\/posts"}],"about":[{"href":"https:\/\/initiative-teltower-vorstadt.de\/blog\/wp-json\/wp\/v2\/types\/post"}],"author":[{"embeddable":true,"href":"https:\/\/initiative-teltower-vorstadt.de\/blog\/wp-json\/wp\/v2\/users\/3"}],"replies":[{"embeddable":true,"href":"https:\/\/initiative-teltower-vorstadt.de\/blog\/wp-json\/wp\/v2\/comments?post=319"}],"version-history":[{"count":3,"href":"https:\/\/initiative-teltower-vorstadt.de\/blog\/wp-json\/wp\/v2\/posts\/319\/revisions"}],"predecessor-version":[{"id":1204,"href":"https:\/\/initiative-teltower-vorstadt.de\/blog\/wp-json\/wp\/v2\/posts\/319\/revisions\/1204"}],"wp:attachment":[{"href":"https:\/\/initiative-teltower-vorstadt.de\/blog\/wp-json\/wp\/v2\/media?parent=319"}],"wp:term":[{"taxonomy":"category","embeddable":true,"href":"https:\/\/initiative-teltower-vorstadt.de\/blog\/wp-json\/wp\/v2\/categories?post=319"},{"taxonomy":"post_tag","embeddable":true,"href":"https:\/\/initiative-teltower-vorstadt.de\/blog\/wp-json\/wp\/v2\/tags?post=319"}],"curies":[{"name":"wp","href":"https:\/\/api.w.org\/{rel}","templated":true}]}}