{"id":242,"date":"2019-12-14T17:00:26","date_gmt":"2019-12-14T16:00:26","guid":{"rendered":"https:\/\/initiative-teltower-vorstadt.de\/blog\/?p=242"},"modified":"2023-10-02T21:35:07","modified_gmt":"2023-10-02T19:35:07","slug":"14-12-19-gluehweinabend-in-der-nachbarschaft","status":"publish","type":"post","link":"https:\/\/initiative-teltower-vorstadt.de\/blog\/2019\/12\/14\/14-12-19-gluehweinabend-in-der-nachbarschaft\/","title":{"rendered":"Gl\u00fchweinabend in der Nachbarschaft | 14.12.19"},"content":{"rendered":"<figure id=\"attachment_250\" aria-describedby=\"caption-attachment-250\" style=\"width: 300px\" class=\"wp-caption alignnone\"><img loading=\"lazy\" decoding=\"async\" class=\"size-medium wp-image-250\" src=\"https:\/\/initiative-teltower-vorstadt.de\/blog\/wp-content\/uploads\/2019\/12\/IMG_20200209_151545-300x237.jpg\" alt=\"\" width=\"300\" height=\"237\" srcset=\"https:\/\/initiative-teltower-vorstadt.de\/blog\/wp-content\/uploads\/2019\/12\/IMG_20200209_151545-300x237.jpg 300w, https:\/\/initiative-teltower-vorstadt.de\/blog\/wp-content\/uploads\/2019\/12\/IMG_20200209_151545-768x607.jpg 768w, https:\/\/initiative-teltower-vorstadt.de\/blog\/wp-content\/uploads\/2019\/12\/IMG_20200209_151545-1024x809.jpg 1024w, https:\/\/initiative-teltower-vorstadt.de\/blog\/wp-content\/uploads\/2019\/12\/IMG_20200209_151545-1200x948.jpg 1200w\" sizes=\"auto, (max-width: 300px) 85vw, 300px\" \/><figcaption id=\"caption-attachment-250\" class=\"wp-caption-text\">Nachbarschaft-Gl\u00fchwein mit Pl\u00e4tzchen und Musik<\/figcaption><\/figure>\n<p>Danke an alle, die trotz des Regens und Windes in den trockenen Phasen vorbeigeschaut haben und sich an den mitgebrachten Pl\u00e4tzchen und Gl\u00fchwein erfreut haben.<\/p>\n<p><span style=\"font-size: inherit\">Da<\/span><span style=\"font-size: inherit\">nke auch an die flei\u00dfigen B\u00e4cker*innen und Gl\u00fchweinkocher*innen!<\/span><\/p>\n<p>Es war toll mit Euch!<\/p>\n","protected":false},"excerpt":{"rendered":"<p>Danke an alle, die trotz des Regens und Windes in den trockenen Phasen vorbeigeschaut haben und sich an den mitgebrachten Pl\u00e4tzchen und Gl\u00fchwein erfreut haben. Danke auch an die flei\u00dfigen B\u00e4cker*innen und Gl\u00fchweinkocher*innen! Es war toll mit Euch!<\/p>\n","protected":false},"author":2,"featured_media":0,"comment_status":"closed","ping_status":"closed","sticky":false,"template":"","format":"standard","meta":{"footnotes":""},"categories":[9,1],"tags":[31,20,24],"class_list":["post-242","post","type-post","status-publish","format-standard","hentry","category-einladungen","category-vermischtes","tag-aktion","tag-nachbarschaft","tag-weihnachten"],"_links":{"self":[{"href":"https:\/\/initiative-teltower-vorstadt.de\/blog\/wp-json\/wp\/v2\/posts\/242","targetHints":{"allow":["GET"]}}],"collection":[{"href":"https:\/\/initiative-teltower-vorstadt.de\/blog\/wp-json\/wp\/v2\/posts"}],"about":[{"href":"https:\/\/initiative-teltower-vorstadt.de\/blog\/wp-json\/wp\/v2\/types\/post"}],"author":[{"embeddable":true,"href":"https:\/\/initiative-teltower-vorstadt.de\/blog\/wp-json\/wp\/v2\/users\/2"}],"replies":[{"embeddable":true,"href":"https:\/\/initiative-teltower-vorstadt.de\/blog\/wp-json\/wp\/v2\/comments?post=242"}],"version-history":[{"count":6,"href":"https:\/\/initiative-teltower-vorstadt.de\/blog\/wp-json\/wp\/v2\/posts\/242\/revisions"}],"predecessor-version":[{"id":1218,"href":"https:\/\/initiative-teltower-vorstadt.de\/blog\/wp-json\/wp\/v2\/posts\/242\/revisions\/1218"}],"wp:attachment":[{"href":"https:\/\/initiative-teltower-vorstadt.de\/blog\/wp-json\/wp\/v2\/media?parent=242"}],"wp:term":[{"taxonomy":"category","embeddable":true,"href":"https:\/\/initiative-teltower-vorstadt.de\/blog\/wp-json\/wp\/v2\/categories?post=242"},{"taxonomy":"post_tag","embeddable":true,"href":"https:\/\/initiative-teltower-vorstadt.de\/blog\/wp-json\/wp\/v2\/tags?post=242"}],"curies":[{"name":"wp","href":"https:\/\/api.w.org\/{rel}","templated":true}]}}