{"id":1336,"date":"2024-12-02T15:00:42","date_gmt":"2024-12-02T14:00:42","guid":{"rendered":"https:\/\/initiative-teltower-vorstadt.de\/blog\/?p=1336"},"modified":"2024-12-28T15:43:29","modified_gmt":"2024-12-28T14:43:29","slug":"jahresausklang-2024","status":"publish","type":"post","link":"https:\/\/initiative-teltower-vorstadt.de\/blog\/2024\/12\/02\/jahresausklang-2024\/","title":{"rendered":"Jahresausklang 2024 | 02.12.24"},"content":{"rendered":"\n<p>Liebe Leser*innen, liebe Aktive, liebe Interessierte,<\/p>\n\n\n\n<p>es ist still geworden um unsere Initiative und die soziale Erhaltungssatzung.<br>Tats\u00e4chlich  \u00fcberlegen wir weiterhin, wie wir uns f\u00fcr weitere Projekte im und am Kiez aufstellen wollen\/k\u00f6nnen, welche Themen uns wichtig sind und wie wir die  Belange von uns und euch, unseren Nachbar*innen, weiter in die Politik tragen k\u00f6nnen.<\/p>\n\n\n\n<p>In diesem Sinne g\u00f6nnen wir uns eine Auszeit zum  Jahreswechsel und w\u00fcnschen allen Unterst\u00fctzer*innen, Nachbar*innen,  Freund*innen und Mitstreiter*innen einen sch\u00f6nen Dezember, frohe Feiertage und einen guten Start ins neue Jahr 2025.<\/p>\n\n\n\n<p>Wir hoffen auf weiterhin konstruktive und aktive Nachbarschaftsarbeit mit allen Anwohner*innen, der Stadtverwaltung und nat\u00fcrlich der Stadtpolitik.<\/p>\n\n\n\n<p>Eure Anwohner*innen-Initiative Teltower Vorstadt<\/p>\n","protected":false},"excerpt":{"rendered":"<p>Liebe Leser*innen, liebe Aktive, liebe Interessierte, es ist still geworden um unsere Initiative und die soziale Erhaltungssatzung.Tats\u00e4chlich \u00fcberlegen wir weiterhin, wie wir uns f\u00fcr weitere Projekte im und am Kiez aufstellen wollen\/k\u00f6nnen, welche Themen uns wichtig sind und wie wir die Belange von uns und euch, unseren Nachbar*innen, weiter in die Politik tragen k\u00f6nnen. In &hellip; <a href=\"https:\/\/initiative-teltower-vorstadt.de\/blog\/2024\/12\/02\/jahresausklang-2024\/\" class=\"more-link\"><span class=\"screen-reader-text\">\u201eJahresausklang 2024 | 02.12.24\u201c<\/span> weiterlesen<\/a><\/p>\n","protected":false},"author":2,"featured_media":0,"comment_status":"closed","ping_status":"open","sticky":false,"template":"","format":"standard","meta":{"footnotes":""},"categories":[1],"tags":[91,90,300,20,56,24],"class_list":["post-1336","post","type-post","status-publish","format-standard","hentry","category-vermischtes","tag-engagement","tag-initiative","tag-landeshauptstadt-potsdam","tag-nachbarschaft","tag-stadtpolitik","tag-weihnachten"],"_links":{"self":[{"href":"https:\/\/initiative-teltower-vorstadt.de\/blog\/wp-json\/wp\/v2\/posts\/1336","targetHints":{"allow":["GET"]}}],"collection":[{"href":"https:\/\/initiative-teltower-vorstadt.de\/blog\/wp-json\/wp\/v2\/posts"}],"about":[{"href":"https:\/\/initiative-teltower-vorstadt.de\/blog\/wp-json\/wp\/v2\/types\/post"}],"author":[{"embeddable":true,"href":"https:\/\/initiative-teltower-vorstadt.de\/blog\/wp-json\/wp\/v2\/users\/2"}],"replies":[{"embeddable":true,"href":"https:\/\/initiative-teltower-vorstadt.de\/blog\/wp-json\/wp\/v2\/comments?post=1336"}],"version-history":[{"count":2,"href":"https:\/\/initiative-teltower-vorstadt.de\/blog\/wp-json\/wp\/v2\/posts\/1336\/revisions"}],"predecessor-version":[{"id":1342,"href":"https:\/\/initiative-teltower-vorstadt.de\/blog\/wp-json\/wp\/v2\/posts\/1336\/revisions\/1342"}],"wp:attachment":[{"href":"https:\/\/initiative-teltower-vorstadt.de\/blog\/wp-json\/wp\/v2\/media?parent=1336"}],"wp:term":[{"taxonomy":"category","embeddable":true,"href":"https:\/\/initiative-teltower-vorstadt.de\/blog\/wp-json\/wp\/v2\/categories?post=1336"},{"taxonomy":"post_tag","embeddable":true,"href":"https:\/\/initiative-teltower-vorstadt.de\/blog\/wp-json\/wp\/v2\/tags?post=1336"}],"curies":[{"name":"wp","href":"https:\/\/api.w.org\/{rel}","templated":true}]}}