{"id":1306,"date":"2024-01-28T10:15:06","date_gmt":"2024-01-28T09:15:06","guid":{"rendered":"https:\/\/initiative-teltower-vorstadt.de\/blog\/?p=1306"},"modified":"2024-02-20T19:54:02","modified_gmt":"2024-02-20T18:54:02","slug":"update-zum-wopok-26-01-24","status":"publish","type":"post","link":"https:\/\/initiative-teltower-vorstadt.de\/blog\/2024\/01\/28\/update-zum-wopok-26-01-24\/","title":{"rendered":"Update zum WoPoK | 26.01.24"},"content":{"rendered":"\n<p>Gut ein Jahr ist es her, da wurde zur <a rel=\"noreferrer noopener\" aria-label=\"Auftaktveranstaltung  (\u00f6ffnet in neuem Tab)\" href=\"https:\/\/initiative-teltower-vorstadt.de\/blog\/2023\/02\/15\/auftakt-wopok-15-02\/\" target=\"_blank\">Auftaktveranstaltung <\/a>des wohnungspolitischen Konzeptes (WoPoK) der Landeshauptstadt Potsdam <a rel=\"noreferrer noopener\" aria-label=\"aufgerufen (\u00f6ffnet in neuem Tab)\" href=\"https:\/\/initiative-teltower-vorstadt.de\/blog\/2023\/01\/10\/ankuendigung-auftaktveranstaltung-15-02\/\" target=\"_blank\">aufgerufen<\/a>.<\/p>\n\n\n\n<div class=\"wp-block-image\"><figure class=\"aligncenter\"><img loading=\"lazy\" decoding=\"async\" width=\"920\" height=\"530\" src=\"https:\/\/initiative-teltower-vorstadt.de\/blog\/wp-content\/uploads\/2024\/02\/WoPoK_Wortwolke_Regiokontext.jpg\" alt=\"\" class=\"wp-image-1308\" srcset=\"https:\/\/initiative-teltower-vorstadt.de\/blog\/wp-content\/uploads\/2024\/02\/WoPoK_Wortwolke_Regiokontext.jpg 920w, https:\/\/initiative-teltower-vorstadt.de\/blog\/wp-content\/uploads\/2024\/02\/WoPoK_Wortwolke_Regiokontext-300x173.jpg 300w, https:\/\/initiative-teltower-vorstadt.de\/blog\/wp-content\/uploads\/2024\/02\/WoPoK_Wortwolke_Regiokontext-768x442.jpg 768w\" sizes=\"auto, (max-width: 709px) 85vw, (max-width: 909px) 67vw, (max-width: 1362px) 62vw, 840px\" \/><figcaption>Quelle: RegioKontext (https:\/\/www.potsdam.de\/de\/content\/wohnungspolitisches-konzept-potsdam)<\/figcaption><\/figure><\/div>\n\n\n\n<hr class=\"wp-block-separator is-style-wide\"\/>\n\n\n\n<h2 class=\"wp-block-heading\">Sicht von Stadt f\u00fcr alle<\/h2>\n\n\n\n<p>Dieser neue Aufschlag mit einer Beteiligung von \u00d6ffentlichkeit, engagierten Initiativen und Wissenstr\u00e4ger*innen scheint gem\u00e4\u00df <a rel=\"noreferrer noopener\" aria-label=\"Stadt f\u00fcr alle (\u00f6ffnet in neuem Tab)\" href=\"https:\/\/potsdam-stadtfueralle.de\/2024\/01\/16\/umsonst\/\" target=\"_blank\">Stadt f\u00fcr alle<\/a> wieder einmal umsonst gewesen zu sein.<br>Zwar wurde in Form von Begleitkreisen, Fachdoren, Dialogveranstaltungen und vielem mehr versucht die aktuelle Situation und den aktuellen Bedarf abzufragen, doch sind alle Bem\u00fchungen zum 25.01.2024 wohl etwas versandet.<br>\u00c4hnlich kritisch klang bereits der Aufschlag im <a rel=\"noreferrer noopener\" aria-label=\"Februar 2023 (\u00f6ffnet in neuem Tab)\" href=\"https:\/\/potsdam-stadtfueralle.de\/2023\/02\/15\/ein-wohnungspolitisches-konzept-fuer-potsdam-der-2-versuch\/\" target=\"_blank\">Februar 2023<\/a>.<\/p>\n\n\n\n<blockquote class=\"wp-block-quote is-layout-flow wp-block-quote-is-layout-flow\"><p> Diese Woche hat die <strong>kommunale Gesellschaft ProPotsdam<\/strong> der \u00d6ffentlichkeit vorgestellt, wie sie sich sich Wohnungspolitik vorstellt.<br><strong>Zentrale Aussage<\/strong>: Um neu bauen zu k\u00f6nnen m\u00fcssen erst einmal Best\u00e4nde verkauft werden.<br>Au\u00dferdem k\u00f6nnen wir uns beim Neubau nicht an den neuen energetischen Standards orientieren. <\/p><cite><a href=\"https:\/\/potsdam-stadtfueralle.de\/2024\/01\/16\/umsonst\/\" target=\"_blank\" rel=\"noreferrer noopener\" aria-label=\"Stadt f\u00fcr alle (\u00f6ffnet in neuem Tab)\">Stadt f\u00fcr alle<\/a> 16.01.2024<\/cite><\/blockquote>\n\n\n\n<p>Ziel des Konzeptes sollte daher f\u00fcr die Landeshauptstadt Potsdam (LHP) sein Boden zu erwerben, der dann f\u00fcr Wohnungsbauvorhaben zur Verf\u00fcgung st\u00fcnde. Grund ist die \u00e4u\u00dferst limitierte Ressource &#8222;Baugrund&#8220;.<br>Die LHP halte an der Steigerung des Anteils gemeinwohlorientierter Wohnungsunternehmen auf mind. 40% fest. Diese sollen dann mehr oder minder gleich verteilt mit mind. 10% je Ortsteil im Wohnungsbestand vertreten sein.<\/p>\n\n\n\n<h4 class=\"wp-block-heading\">geplante verk\u00e4ufe der propotsdam gmbh<\/h4>\n\n\n\n<p>Laut<a href=\"https:\/\/potsdam-stadtfueralle.de\/2024\/01\/16\/umsonst\/\" target=\"_blank\" rel=\"noreferrer noopener\" aria-label=\" Stadt f\u00fcr alle (\u00f6ffnet in neuem Tab)\"> Stadt f\u00fcr alle<\/a> seien vor allem folgende Anschriften von einem m\u00f6glichen Verkauf durch die ProPotsdam GmbH betroffen (* sind schon beschlossen): <\/p>\n\n\n\n<div class=\"wp-block-columns has-2-columns is-layout-flex wp-container-core-columns-is-layout-9d6595d7 wp-block-columns-is-layout-flex\">\n<div class=\"wp-block-column is-layout-flow wp-block-column-is-layout-flow\">\n<ul class=\"wp-block-list\"><li> Zeppelinstra\u00dfe 113*<\/li><li>Sellostra\u00dfe 21, 20*<\/li><li>Kiezstra\u00dfe 5, 6, 8, 9, 12<\/li><li> Zeppelinstra\u00dfe 11<\/li><li> Elfleinstra\u00dfe 24, 26, 38<\/li><li> Alle nach Sanssouci 4 <\/li><\/ul>\n<\/div>\n\n\n\n<div class=\"wp-block-column is-layout-flow wp-block-column-is-layout-flow\">\n<ul class=\"wp-block-list\"><li>Alt Nowawes 66 <\/li><li>Mittelstra\u00dfe 34, 35, 36 <\/li><li>Hebbelstra\u00dfe 47, 48, 55 <\/li><li>Kurf\u00fcrstenstra\u00dfe 8 <\/li><li>Charlottenstra\u00dfe 10, 14 <\/li><li>Hegelallee 33, 34 <\/li><li>J\u00e4gerstra\u00dfe 36, 41 <\/li><\/ul>\n<\/div>\n<\/div>\n\n\n\n<hr class=\"wp-block-separator is-style-wide\"\/>\n\n\n\n<h2 class=\"wp-block-heading\">Sicht der Landeshauptstadt<\/h2>\n\n\n\n<p>Die <a href=\"https:\/\/www.potsdam.de\/de\/content\/wohnungspolitisches-konzept-potsdam\" target=\"_blank\" rel=\"noreferrer noopener\" aria-label=\"Stadtverwaltung Potsdam (\u00f6ffnet in neuem Tab)\">Stadtverwaltung Potsdam<\/a> schreibt in etwa, dass das Berliner B\u00fcro &#8222;RegioKontext&#8220; die Wichtigkeit des &#8222;Begleitkreises&#8220; betont, der auch zuk\u00fcnftig als Beteiligungsform aufrecht erhalten werden soll. Dieser soll die Umsetzung der 31 Instrumente und Ma\u00dfnahmen begleiten.<\/p>\n\n\n\n<p>Dabei ist zu betonen, dass das WoPoK nach wie vor fortgeschrieben wird.<br>Weiterf\u00fchrende Informationen, wie eine chronolgische Dokumentation der Veranstaltungen und Video-Aufzeichnungen sind <a rel=\"noreferrer noopener\" aria-label=\" (\u00f6ffnet in neuem Tab)\" href=\"https:\/\/www.potsdam.de\/de\/kategorie\/wie-wollen-wir-wohnen\" target=\"_blank\">hier<\/a> zu finden.<\/p>\n\n\n\n<div class=\"wp-block-columns has-2-columns is-layout-flex wp-container-core-columns-is-layout-9d6595d7 wp-block-columns-is-layout-flex\">\n<div class=\"wp-block-column is-layout-flow wp-block-column-is-layout-flow\">\n<div class=\"wp-block-button is-style-outline is-style-outline--1\"><a class=\"wp-block-button__link has-text-color has-dark-gray-color has-background has-bright-red-background-color\" href=\"https:\/\/www.potsdam.de\/de\/aufzeichnung-der-oeffentlichen-abschlussveranstaltung-zum-wohnungspolitischen-konzept-vom-25-januar\">Aufzeichnung abschluss-veranstaltung 25.01.2024<\/a><\/div>\n<\/div>\n\n\n\n<div class=\"wp-block-column is-layout-flow wp-block-column-is-layout-flow\">\n<div class=\"wp-block-button is-style-outline is-style-outline--2\"><a class=\"wp-block-button__link has-text-color has-dark-gray-color has-background has-bright-red-background-color\" href=\"https:\/\/die-raumplaner.de\/projekte\/fortschreibung-wohnungspolitisches-konzept-potsdam\/\">fortschreibung des wopok von die raumplaner<\/a><\/div>\n<\/div>\n<\/div>\n\n\n\n<hr class=\"wp-block-separator is-style-wide\"\/>\n\n\n\n<p>Die regionalen Medien wiederum umreisen die Vorstellung vieler B\u00fcrger*innen mit &#8222;genossenschaftlichem Bauen\/Wohnen&#8220; und &#8222;bezahlbarem Wohnraum&#8220;, so auch die <a rel=\"noreferrer noopener\" aria-label=\"PNN  (\u00f6ffnet in neuem Tab)\" href=\"https:\/\/www.tagesspiegel.de\/potsdam\/landeshauptstadt\/wohnungspolitisches-konzept-wie-wollen-potsdamer-kunftig-wohnen-9695543.html\" target=\"_blank\">PNN <\/a>bereits 04\/2023.<\/p>\n\n\n\n<p>Damals wurde die zunehmend kleinteiligere Wohnungsbelegung durch sinkende Geburtenrate, kleinere Haushalte und demografischen Wandel als Hauptgrund f\u00fcr das Spannungsfeld der Wohnungspolitik aufgezeigt.<br>Als Gegenvorschlag wurde dann vor allem das gemeinschaftliche Wohnen genannt, bei dem Gemeinschaftsr\u00e4ume das typische Wohnzimmer oder die K\u00fcche ersetzen sollen.<\/p>\n\n\n\n<blockquote class=\"wp-block-quote is-layout-flow wp-block-quote-is-layout-flow\"><p>Bezahlbarkeit und Gemeinwohlorientierung l\u00e4sst sich vor allem erreichen,  wenn mehr kommunale und genossenschaftliche Unternehmen bauen. <\/p><cite><a href=\"https:\/\/www.tagesspiegel.de\/potsdam\/landeshauptstadt\/wohnungspolitisches-konzept-wie-wollen-potsdamer-kunftig-wohnen-9695543.html\" target=\"_blank\" rel=\"noreferrer noopener\" aria-label=\"PNN (\u00f6ffnet in neuem Tab)\">PNN<\/a>, Zitat Besucher 21.04.2023<\/cite><\/blockquote>\n\n\n\n<p>Im <a rel=\"noreferrer noopener\" aria-label=\"Immobilien-aktuell-magazin (\u00f6ffnet in neuem Tab)\" href=\"https:\/\/www.immobilien-aktuell-magazin.de\/topics\/potsdam-schreibt-wohnungspolitisches-konzept-fort-wohnraumversorgung-verbessern\/\" target=\"_blank\">Immobilien-aktuell-magazin<\/a> hei\u00dft es weiter, dass auch der <strong>PotsdamBonus <\/strong>als Instrument dienen soll den Zugang zu bezahlbarem Wohnraum zu steuern. Auch <strong>soziale Erhaltungssatzungen<\/strong> k\u00f6nnen hier einen Beitrag leisten Wohnraumnutzung zu steuern.<\/p>\n\n\n\n<p>Wichtig sei auch eine bedarfsgerechte Ausrichtung von Neubau, sowie eine transparente und klare Kommunikation der Bedarfe; bestenfalls gekn\u00fcpft an die Einrichtung einer eigenen Stabstelle f\u00fcr diese Anliegen.<\/p>\n","protected":false},"excerpt":{"rendered":"<p>Gut ein Jahr ist es her, da wurde zur Auftaktveranstaltung des wohnungspolitischen Konzeptes (WoPoK) der Landeshauptstadt Potsdam aufgerufen. Sicht von Stadt f\u00fcr alle Dieser neue Aufschlag mit einer Beteiligung von \u00d6ffentlichkeit, engagierten Initiativen und Wissenstr\u00e4ger*innen scheint gem\u00e4\u00df Stadt f\u00fcr alle wieder einmal umsonst gewesen zu sein.Zwar wurde in Form von Begleitkreisen, Fachdoren, Dialogveranstaltungen und vielem &hellip; <a href=\"https:\/\/initiative-teltower-vorstadt.de\/blog\/2024\/01\/28\/update-zum-wopok-26-01-24\/\" class=\"more-link\"><span class=\"screen-reader-text\">\u201eUpdate zum WoPoK | 26.01.24\u201c<\/span> weiterlesen<\/a><\/p>\n","protected":false},"author":2,"featured_media":0,"comment_status":"closed","ping_status":"open","sticky":false,"template":"","format":"standard","meta":{"footnotes":""},"categories":[4],"tags":[76,308,91,90,300,20,388,56,221,126,28,307],"class_list":["post-1306","post","type-post","status-publish","format-standard","hentry","category-offizielles","tag-anwohnerinnen","tag-begleitkreis","tag-engagement","tag-initiative","tag-landeshauptstadt-potsdam","tag-nachbarschaft","tag-stadt-fuer-alle","tag-stadtpolitik","tag-stadtverordnetenversammlung","tag-stadtverwaltung","tag-teltower-vorstadt","tag-wohnungspolitisches-konzept"],"_links":{"self":[{"href":"https:\/\/initiative-teltower-vorstadt.de\/blog\/wp-json\/wp\/v2\/posts\/1306","targetHints":{"allow":["GET"]}}],"collection":[{"href":"https:\/\/initiative-teltower-vorstadt.de\/blog\/wp-json\/wp\/v2\/posts"}],"about":[{"href":"https:\/\/initiative-teltower-vorstadt.de\/blog\/wp-json\/wp\/v2\/types\/post"}],"author":[{"embeddable":true,"href":"https:\/\/initiative-teltower-vorstadt.de\/blog\/wp-json\/wp\/v2\/users\/2"}],"replies":[{"embeddable":true,"href":"https:\/\/initiative-teltower-vorstadt.de\/blog\/wp-json\/wp\/v2\/comments?post=1306"}],"version-history":[{"count":2,"href":"https:\/\/initiative-teltower-vorstadt.de\/blog\/wp-json\/wp\/v2\/posts\/1306\/revisions"}],"predecessor-version":[{"id":1309,"href":"https:\/\/initiative-teltower-vorstadt.de\/blog\/wp-json\/wp\/v2\/posts\/1306\/revisions\/1309"}],"wp:attachment":[{"href":"https:\/\/initiative-teltower-vorstadt.de\/blog\/wp-json\/wp\/v2\/media?parent=1306"}],"wp:term":[{"taxonomy":"category","embeddable":true,"href":"https:\/\/initiative-teltower-vorstadt.de\/blog\/wp-json\/wp\/v2\/categories?post=1306"},{"taxonomy":"post_tag","embeddable":true,"href":"https:\/\/initiative-teltower-vorstadt.de\/blog\/wp-json\/wp\/v2\/tags?post=1306"}],"curies":[{"name":"wp","href":"https:\/\/api.w.org\/{rel}","templated":true}]}}