{"id":1269,"date":"2024-02-20T07:57:19","date_gmt":"2024-02-20T06:57:19","guid":{"rendered":"https:\/\/initiative-teltower-vorstadt.de\/blog\/?p=1269"},"modified":"2024-12-28T15:42:46","modified_gmt":"2024-12-28T14:42:46","slug":"einladung-zum-jahres-auftakt-treffen-der-aitv-2024","status":"publish","type":"post","link":"https:\/\/initiative-teltower-vorstadt.de\/blog\/2024\/02\/20\/einladung-zum-jahres-auftakt-treffen-der-aitv-2024\/","title":{"rendered":"Einladung zum Jahres-Auftakt-Treffen der AITV | 28.02.24"},"content":{"rendered":"\n<p> Liebe Nachbarinnen und Nachbarn, <\/p>\n\n\n\n<p>wir m\u00f6chten das neue Jahr mit einem ersten Treffen der Anwohner*innen Initiative Teltower Vorstadt beginnen und laden Sie herzlich dazu ein. <\/p>\n\n\n\n<ul class=\"wp-block-list\"><li><strong>Wann?<\/strong> Mittwoch, den 28. Februar 2024 um 20:00 Uhr  <\/li><li> <strong>Wo?<\/strong> Haus 2 im Freiland, zum Mittwochstresen <\/li><\/ul>\n\n\n\n<p>Dieses Treffen bietet eine wunderbare Gelegenheit, um: <\/p>\n\n\n\n<ul class=\"wp-block-list\"><li>Sich mit Gleichgesinnten aus der Nachbarschaft zu vernetzen <\/li><li>In entspannter Atmosph\u00e4re bei kalten Getr\u00e4nken oder einem Glas Wein zusammenzukommen<\/li><li>Spannende Projekte und Aktivit\u00e4ten f\u00fcr das kommende Jahr zu planen &#8211; Ihre Ideen und Vorschl\u00e4ge einzubringen <\/li><\/ul>\n\n\n\n<p>Wir freuen uns darauf, alte Bekannte wiederzusehen und neue Gesichter kennenzulernen. Gemeinsam k\u00f6nnen wir viel bewegen und die Teltower Vorstadt zu einem noch lebenswerteren Ort machen.<\/p>\n\n\n\n<p>Mit freundlichen Gr\u00fc\u00dfen, <br>Die Anwohner*innen Initiative Teltower Vorstadt<\/p>\n\n\n\n<p>Wir hoffen, Sie alle beim Treffen zu begr\u00fc\u00dfen und freuen uns auf ein produktives Jahr und einen inspirierenden Abend mit Ihnen!<\/p>\n","protected":false},"excerpt":{"rendered":"<p>Liebe Nachbarinnen und Nachbarn, wir m\u00f6chten das neue Jahr mit einem ersten Treffen der Anwohner*innen Initiative Teltower Vorstadt beginnen und laden Sie herzlich dazu ein. Wann? Mittwoch, den 28. Februar 2024 um 20:00 Uhr Wo? Haus 2 im Freiland, zum Mittwochstresen Dieses Treffen bietet eine wunderbare Gelegenheit, um: Sich mit Gleichgesinnten aus der Nachbarschaft zu &hellip; <a href=\"https:\/\/initiative-teltower-vorstadt.de\/blog\/2024\/02\/20\/einladung-zum-jahres-auftakt-treffen-der-aitv-2024\/\" class=\"more-link\"><span class=\"screen-reader-text\">\u201eEinladung zum Jahres-Auftakt-Treffen der AITV | 28.02.24\u201c<\/span> weiterlesen<\/a><\/p>\n","protected":false},"author":1,"featured_media":0,"comment_status":"closed","ping_status":"open","sticky":false,"template":"","format":"standard","meta":{"footnotes":""},"categories":[9,1],"tags":[76,91,90,300,20,239,5,336],"class_list":["post-1269","post","type-post","status-publish","format-standard","hentry","category-einladungen","category-vermischtes","tag-anwohnerinnen","tag-engagement","tag-initiative","tag-landeshauptstadt-potsdam","tag-nachbarschaft","tag-nachbarschaftstresen","tag-treffen","tag-tresen"],"_links":{"self":[{"href":"https:\/\/initiative-teltower-vorstadt.de\/blog\/wp-json\/wp\/v2\/posts\/1269","targetHints":{"allow":["GET"]}}],"collection":[{"href":"https:\/\/initiative-teltower-vorstadt.de\/blog\/wp-json\/wp\/v2\/posts"}],"about":[{"href":"https:\/\/initiative-teltower-vorstadt.de\/blog\/wp-json\/wp\/v2\/types\/post"}],"author":[{"embeddable":true,"href":"https:\/\/initiative-teltower-vorstadt.de\/blog\/wp-json\/wp\/v2\/users\/1"}],"replies":[{"embeddable":true,"href":"https:\/\/initiative-teltower-vorstadt.de\/blog\/wp-json\/wp\/v2\/comments?post=1269"}],"version-history":[{"count":6,"href":"https:\/\/initiative-teltower-vorstadt.de\/blog\/wp-json\/wp\/v2\/posts\/1269\/revisions"}],"predecessor-version":[{"id":1339,"href":"https:\/\/initiative-teltower-vorstadt.de\/blog\/wp-json\/wp\/v2\/posts\/1269\/revisions\/1339"}],"wp:attachment":[{"href":"https:\/\/initiative-teltower-vorstadt.de\/blog\/wp-json\/wp\/v2\/media?parent=1269"}],"wp:term":[{"taxonomy":"category","embeddable":true,"href":"https:\/\/initiative-teltower-vorstadt.de\/blog\/wp-json\/wp\/v2\/categories?post=1269"},{"taxonomy":"post_tag","embeddable":true,"href":"https:\/\/initiative-teltower-vorstadt.de\/blog\/wp-json\/wp\/v2\/tags?post=1269"}],"curies":[{"name":"wp","href":"https:\/\/api.w.org\/{rel}","templated":true}]}}