{"id":1044,"date":"2023-05-02T15:00:13","date_gmt":"2023-05-02T13:00:13","guid":{"rendered":"https:\/\/initiative-teltower-vorstadt.de\/blog\/?p=1044"},"modified":"2024-02-20T19:11:40","modified_gmt":"2024-02-20T18:11:40","slug":"tag-der-nachbarn-26-05","status":"publish","type":"post","link":"https:\/\/initiative-teltower-vorstadt.de\/blog\/2023\/05\/02\/tag-der-nachbarn-26-05\/","title":{"rendered":"Tag der Nachbarn | 26.05.23"},"content":{"rendered":"\n<p>Und bevor er wieder vorbei ist die kurze Informatione, dass am 26.05. der &#8222;Tag der Nachbarn&#8220; ansteht.<\/p>\n\n\n\n<p><a rel=\"noreferrer noopener\" aria-label=\"Hier  (\u00f6ffnet in neuem Tab)\" href=\"https:\/\/www.tagdernachbarn.de\/de\/suche\/14473\" target=\"_blank\"><strong>Hier <\/strong><\/a>k\u00f6nnt ihr nach eurer PLZ suchen und sehr welche Aktivit\u00e4ten angemeldet sind.<br>Wir werden auf einen <a rel=\"noreferrer noopener\" aria-label=\"gem\u00fctlichen Schnack (\u00f6ffnet in neuem Tab)\" href=\"https:\/\/www.tagdernachbarn.de\/de\/aktion\/14473-potsdam-gemutliches-picknick\" target=\"_blank\">gem\u00fctlichen Schnack<\/a> im Hinterhof der Schlaatzstra\u00dfe 12 sitzen und Muffins mit Kaffee genie\u00dfen, falls ihr vorbeikommen wollt.<\/p>\n\n\n\n<ul class=\"wp-block-gallery columns-3 is-cropped wp-block-gallery-1 is-layout-flex wp-block-gallery-is-layout-flex\"><li class=\"blocks-gallery-item\"><figure><img loading=\"lazy\" decoding=\"async\" width=\"1024\" height=\"919\" src=\"https:\/\/initiative-teltower-vorstadt.de\/blog\/wp-content\/uploads\/2023\/06\/Picknick_TdN-1024x919.jpg\" alt=\"\" data-id=\"1050\" data-link=\"https:\/\/initiative-teltower-vorstadt.de\/blog\/picknick_tdn\/\" class=\"wp-image-1050\" srcset=\"https:\/\/initiative-teltower-vorstadt.de\/blog\/wp-content\/uploads\/2023\/06\/Picknick_TdN-1024x919.jpg 1024w, https:\/\/initiative-teltower-vorstadt.de\/blog\/wp-content\/uploads\/2023\/06\/Picknick_TdN-300x269.jpg 300w, https:\/\/initiative-teltower-vorstadt.de\/blog\/wp-content\/uploads\/2023\/06\/Picknick_TdN-768x689.jpg 768w, https:\/\/initiative-teltower-vorstadt.de\/blog\/wp-content\/uploads\/2023\/06\/Picknick_TdN-1200x1077.jpg 1200w, https:\/\/initiative-teltower-vorstadt.de\/blog\/wp-content\/uploads\/2023\/06\/Picknick_TdN.jpg 1367w\" sizes=\"auto, (max-width: 709px) 85vw, (max-width: 909px) 67vw, (max-width: 1362px) 62vw, 840px\" \/><figcaption>Picknickdecke und Beistelltisch<\/figcaption><\/figure><\/li><li class=\"blocks-gallery-item\"><figure><img loading=\"lazy\" decoding=\"async\" width=\"1024\" height=\"768\" src=\"https:\/\/initiative-teltower-vorstadt.de\/blog\/wp-content\/uploads\/2023\/06\/Rhabarberkuchen_TdN-1024x768.jpg\" alt=\"\" data-id=\"1051\" data-link=\"https:\/\/initiative-teltower-vorstadt.de\/blog\/rhabarberkuchen_tdn\/\" class=\"wp-image-1051\" srcset=\"https:\/\/initiative-teltower-vorstadt.de\/blog\/wp-content\/uploads\/2023\/06\/Rhabarberkuchen_TdN-1024x768.jpg 1024w, https:\/\/initiative-teltower-vorstadt.de\/blog\/wp-content\/uploads\/2023\/06\/Rhabarberkuchen_TdN-300x225.jpg 300w, https:\/\/initiative-teltower-vorstadt.de\/blog\/wp-content\/uploads\/2023\/06\/Rhabarberkuchen_TdN-768x576.jpg 768w, https:\/\/initiative-teltower-vorstadt.de\/blog\/wp-content\/uploads\/2023\/06\/Rhabarberkuchen_TdN-1200x900.jpg 1200w, https:\/\/initiative-teltower-vorstadt.de\/blog\/wp-content\/uploads\/2023\/06\/Rhabarberkuchen_TdN.jpg 1824w\" sizes=\"auto, (max-width: 709px) 85vw, (max-width: 909px) 67vw, (max-width: 1362px) 62vw, 840px\" \/><figcaption>Rhabarberkuchen<\/figcaption><\/figure><\/li><li class=\"blocks-gallery-item\"><figure><img loading=\"lazy\" decoding=\"async\" width=\"1024\" height=\"768\" src=\"https:\/\/initiative-teltower-vorstadt.de\/blog\/wp-content\/uploads\/2023\/06\/Muffins_TdN-1024x768.jpg\" alt=\"\" data-id=\"1049\" data-link=\"https:\/\/initiative-teltower-vorstadt.de\/blog\/muffins_tdn\/\" class=\"wp-image-1049\" srcset=\"https:\/\/initiative-teltower-vorstadt.de\/blog\/wp-content\/uploads\/2023\/06\/Muffins_TdN-1024x768.jpg 1024w, https:\/\/initiative-teltower-vorstadt.de\/blog\/wp-content\/uploads\/2023\/06\/Muffins_TdN-300x225.jpg 300w, https:\/\/initiative-teltower-vorstadt.de\/blog\/wp-content\/uploads\/2023\/06\/Muffins_TdN-768x576.jpg 768w, https:\/\/initiative-teltower-vorstadt.de\/blog\/wp-content\/uploads\/2023\/06\/Muffins_TdN-1200x900.jpg 1200w, https:\/\/initiative-teltower-vorstadt.de\/blog\/wp-content\/uploads\/2023\/06\/Muffins_TdN.jpg 1824w\" sizes=\"auto, (max-width: 709px) 85vw, (max-width: 909px) 67vw, (max-width: 1362px) 62vw, 840px\" \/><figcaption>Zweierlei Muffins<\/figcaption><\/figure><\/li><\/ul>\n\n\n\n<p>Am Ende waren es gut acht Personen, die von 16:00 &#8211; 20:00 Uhr im Hinterhof bei nettem Plausch und Essen beisammen gesessen haben. <\/p>\n","protected":false},"excerpt":{"rendered":"<p>Und bevor er wieder vorbei ist die kurze Informatione, dass am 26.05. der &#8222;Tag der Nachbarn&#8220; ansteht. Hier k\u00f6nnt ihr nach eurer PLZ suchen und sehr welche Aktivit\u00e4ten angemeldet sind.Wir werden auf einen gem\u00fctlichen Schnack im Hinterhof der Schlaatzstra\u00dfe 12 sitzen und Muffins mit Kaffee genie\u00dfen, falls ihr vorbeikommen wollt. Am Ende waren es gut &hellip; <a href=\"https:\/\/initiative-teltower-vorstadt.de\/blog\/2023\/05\/02\/tag-der-nachbarn-26-05\/\" class=\"more-link\"><span class=\"screen-reader-text\">\u201eTag der Nachbarn | 26.05.23\u201c<\/span> weiterlesen<\/a><\/p>\n","protected":false},"author":2,"featured_media":0,"comment_status":"closed","ping_status":"open","sticky":false,"template":"","format":"standard","meta":{"footnotes":""},"categories":[9,1],"tags":[31,76,132,91,172,19,20,30,225,28],"class_list":["post-1044","post","type-post","status-publish","format-standard","hentry","category-einladungen","category-vermischtes","tag-aktion","tag-anwohnerinnen","tag-austausch","tag-engagement","tag-freundschaft","tag-kiez","tag-nachbarschaft","tag-potsdam","tag-tag-der-nachbarschaft","tag-teltower-vorstadt"],"_links":{"self":[{"href":"https:\/\/initiative-teltower-vorstadt.de\/blog\/wp-json\/wp\/v2\/posts\/1044","targetHints":{"allow":["GET"]}}],"collection":[{"href":"https:\/\/initiative-teltower-vorstadt.de\/blog\/wp-json\/wp\/v2\/posts"}],"about":[{"href":"https:\/\/initiative-teltower-vorstadt.de\/blog\/wp-json\/wp\/v2\/types\/post"}],"author":[{"embeddable":true,"href":"https:\/\/initiative-teltower-vorstadt.de\/blog\/wp-json\/wp\/v2\/users\/2"}],"replies":[{"embeddable":true,"href":"https:\/\/initiative-teltower-vorstadt.de\/blog\/wp-json\/wp\/v2\/comments?post=1044"}],"version-history":[{"count":3,"href":"https:\/\/initiative-teltower-vorstadt.de\/blog\/wp-json\/wp\/v2\/posts\/1044\/revisions"}],"predecessor-version":[{"id":1289,"href":"https:\/\/initiative-teltower-vorstadt.de\/blog\/wp-json\/wp\/v2\/posts\/1044\/revisions\/1289"}],"wp:attachment":[{"href":"https:\/\/initiative-teltower-vorstadt.de\/blog\/wp-json\/wp\/v2\/media?parent=1044"}],"wp:term":[{"taxonomy":"category","embeddable":true,"href":"https:\/\/initiative-teltower-vorstadt.de\/blog\/wp-json\/wp\/v2\/categories?post=1044"},{"taxonomy":"post_tag","embeddable":true,"href":"https:\/\/initiative-teltower-vorstadt.de\/blog\/wp-json\/wp\/v2\/tags?post=1044"}],"curies":[{"name":"wp","href":"https:\/\/api.w.org\/{rel}","templated":true}]}}