{"id":1001,"date":"2023-03-05T15:30:30","date_gmt":"2023-03-05T14:30:30","guid":{"rendered":"https:\/\/initiative-teltower-vorstadt.de\/blog\/?p=1001"},"modified":"2024-02-20T19:09:31","modified_gmt":"2024-02-20T18:09:31","slug":"dialogbotin-werden-05-03","status":"publish","type":"post","link":"https:\/\/initiative-teltower-vorstadt.de\/blog\/2023\/03\/05\/dialogbotin-werden-05-03\/","title":{"rendered":"Dialogbot*in werden | 05.03.23"},"content":{"rendered":"\n<p>Liebe Anwohner*innen und Interessent*innen dieses Blogs,<\/p>\n\n\n\n<p>die Fortschreibung des wohnungspolitischen Konzeptes ist uns ein gro\u00dfes Anliegen und so auch die M\u00f6glichkeit sich als Bev\u00f6lkerung proaktiv zu beteiligen.<\/p>\n\n\n\n<p style=\"text-align:center\" class=\"has-background has-medium-font-size has-light-gray-background-color\">An dieser Stelle noch einmal der Aufruf<br><strong>werde eine*r von f\u00fcnf sogenannten Dialogbot*innen <\/strong><br><br><strong>Anmeldeschluss <\/strong><br>f\u00fcr die Auslosung ist der <br><strong>08.03.2023<\/strong><\/p>\n\n\n\n<p style=\"background-color:#35edc1;text-align:center\" class=\"has-background has-medium-font-size\">Hier geht es zum <a href=\"https:\/\/www.potsdam.de\/form\/anmeldeformular-fuer-die-auslosung-der-dialogbotinnen\" target=\"_blank\" rel=\"noreferrer noopener\" aria-label=\" (\u00f6ffnet in neuem Tab)\">Anmeldeformular<\/a><\/p>\n\n\n\n<hr class=\"wp-block-separator\"\/>\n\n\n\n<p><a rel=\"noreferrer noopener\" aria-label=\"Quelle (\u00f6ffnet in neuem Tab)\" href=\"https:\/\/www.potsdam.de\/99-wiewollenwirwohnen-fuenf-dialogboten-fuer-die-fortschreibung-des-wohnungspolitischen-konzeptes\" target=\"_blank\">Quelle<\/a>: Internetseite der Stadt Potsdam<\/p>\n\n\n\n<p>Unter dem Hashtag <em><strong>#WieWollenWirWohnen <\/strong><\/em>stellt die Stadt vor, was sich hinter dem gew\u00f6hnungsbed\u00fcrftigen Begriff &#8222;Dialogbot*in&#8220; versteckt.<\/p>\n\n\n\n<blockquote class=\"wp-block-quote is-layout-flow wp-block-quote-is-layout-flow\"><p> Sie nehmen an drei Fachworkshops teil und diskutieren gemeinsam mit  Expert*innen wohnungspolitische Fragestellungen zu unterschiedlichen  Themenfeldern.  <\/p><cite>Internetseite der Stadt Potsdam (Stand 05.03.2023)<\/cite><\/blockquote>\n\n\n\n<p>Das in den Fachworkshops durch Diskussion erlangte Wissen stellen sie dann in den Dialogforen der breiten \u00d6ffentlichkeit vor.<br>Weiterf\u00fchrende Informationen findet ihr <a href=\"https:\/\/www.potsdam.de\/dialogbotinnen\" target=\"_blank\" rel=\"noreferrer noopener\" aria-label=\"hier (\u00f6ffnet in neuem Tab)\">hier<\/a>.<\/p>\n\n\n\n<p>Es soll f\u00fcnf Dialogbot*innen mit f\u00fcnf Stellvertreter*innen geben. Diese setzen sich nach Auslosung zusammen aus:<\/p>\n\n\n\n<ul class=\"wp-block-list\"><li>Frauen, M\u00e4nner und Menschen mit der  Geschlechtsangabe &#8222;divers&#8220; bzw. ohne Angabe<\/li><li>ein  Platz an eine jugendliche Person (16 bis 27 Jahre) <\/li><li>eine Person mit  Behinderung<\/li><li>Menschen mit  Migrationshintergrund werden bei der Auslosung gesondert  ber\u00fccksichtigt (um die  Beteiligungsm\u00f6glichkeiten zu st\u00e4rken)<\/li><\/ul>\n\n\n\n<hr class=\"wp-block-separator\"\/>\n\n\n\n<h4 class=\"wp-block-heading\">Informationen seitens der <a href=\"https:\/\/www.potsdam.de\/99-wiewollenwirwohnen-fuenf-dialogboten-fuer-die-fortschreibung-des-wohnungspolitischen-konzeptes\" target=\"_blank\" rel=\"noreferrer noopener\" aria-label=\"Stadt  (\u00f6ffnet in neuem Tab)\">Stadt <\/a>(Zitat)<\/h4>\n\n\n\n<p>Die Themenvorschl\u00e4ge, die sowohl von der Stadt\u00f6ffentlichkeit im Rahmen der \u00f6ffentlichen Auftaktveranstaltung als auch aus der Fach\u00f6ffentlichkeit im Rahmen des Begleitkreises eingereicht wurden, sind strukturiert zusammengefasst worden. Im ersten Fachworkshop am 27. M\u00e4rz 2023 und anschlie\u00dfend im ersten \u00f6ffentlichen Dialogforum wird das Thema &#8222;Wohnen der Zukunft&#8220; behandelt. Dazu z\u00e4hlen auch Fragen zu Wohnfl\u00e4chen, zur Flexibilit\u00e4t von Grundrissen und Zuschnitten, zum Wohnungstausch sowie zu alternativen Wohnkonzepten. Konkrete Fragestellungen f\u00fcr die Fachworkshops werden gemeinsam mit den Expert*innen erarbeitet. Die Themen f\u00fcr die weiteren Fachworkshops im Juni und f\u00fcr das zweite Dialogforum am 05. Juli werden Anfang April \u00f6ffentlich bekannt gegeben.<\/p>\n\n\n\n<p>Der erste Workshop findet am 27. M\u00e4rz von 16:00 bis 19:00 Uhr im Plenarsaal des Rathauses Potsdam statt. Da f\u00fcr eine Teilnahme als Zuschauer*in nur eine begrenzte Anzahl von Pl\u00e4tzen zur Verf\u00fcgung steht, wird eine vorherige Anmeldung an die E-Mail-Adresse <a href=\"mailto:wohnungspolitisches_konzept@rathaus.potsdam.de\" target=\"_blank\" rel=\"noreferrer noopener\" aria-label=\" (\u00f6ffnet in neuem Tab)\">wohnungspolitisches_konzept@rathaus.potsdam.de<\/a> erbeten. Die Diskussions- und Arbeitsergebnisse des Fachworkshops werden anschlie\u00dfend von den Dialogbotinnen in das \u00f6ffentliche wohnungspolitische Dialogforum am 20. April 2023 getragen.<\/p>\n\n\n\n<h4 class=\"wp-block-heading\">(Zitat Ende)<\/h4>\n\n\n\n<p style=\"background-color:#35edc1;text-align:center\" class=\"has-background has-medium-font-size\">Hier geht es zum <a href=\"https:\/\/www.potsdam.de\/form\/anmeldeformular-fuer-die-auslosung-der-dialogbotinnen\" target=\"_blank\" rel=\"noreferrer noopener\" aria-label=\" (\u00f6ffnet in neuem Tab)\">Anmeldeformular<\/a><\/p>\n","protected":false},"excerpt":{"rendered":"<p>Liebe Anwohner*innen und Interessent*innen dieses Blogs, die Fortschreibung des wohnungspolitischen Konzeptes ist uns ein gro\u00dfes Anliegen und so auch die M\u00f6glichkeit sich als Bev\u00f6lkerung proaktiv zu beteiligen. An dieser Stelle noch einmal der Aufrufwerde eine*r von f\u00fcnf sogenannten Dialogbot*innen Anmeldeschluss f\u00fcr die Auslosung ist der 08.03.2023 Hier geht es zum Anmeldeformular Quelle: Internetseite der Stadt &hellip; <a href=\"https:\/\/initiative-teltower-vorstadt.de\/blog\/2023\/03\/05\/dialogbotin-werden-05-03\/\" class=\"more-link\"><span class=\"screen-reader-text\">\u201eDialogbot*in werden | 05.03.23\u201c<\/span> weiterlesen<\/a><\/p>\n","protected":false},"author":2,"featured_media":0,"comment_status":"closed","ping_status":"open","sticky":false,"template":"","format":"standard","meta":{"footnotes":""},"categories":[4],"tags":[76,132,308,7,58,326,81,57,17,30,287,56,126,28,250,307,319,327],"class_list":["post-1001","post","type-post","status-publish","format-standard","hentry","category-offizielles","tag-anwohnerinnen","tag-austausch","tag-begleitkreis","tag-beteiligung","tag-dialog","tag-dialogforum","tag-fortschritt","tag-oberbuergermeister","tag-oeffentlichkeitsarbeit","tag-potsdam","tag-rathaus","tag-stadtpolitik","tag-stadtverwaltung","tag-teltower-vorstadt","tag-wohnungsbau","tag-wohnungspolitisches-konzept","tag-wopok","tag-workshop"],"_links":{"self":[{"href":"https:\/\/initiative-teltower-vorstadt.de\/blog\/wp-json\/wp\/v2\/posts\/1001","targetHints":{"allow":["GET"]}}],"collection":[{"href":"https:\/\/initiative-teltower-vorstadt.de\/blog\/wp-json\/wp\/v2\/posts"}],"about":[{"href":"https:\/\/initiative-teltower-vorstadt.de\/blog\/wp-json\/wp\/v2\/types\/post"}],"author":[{"embeddable":true,"href":"https:\/\/initiative-teltower-vorstadt.de\/blog\/wp-json\/wp\/v2\/users\/2"}],"replies":[{"embeddable":true,"href":"https:\/\/initiative-teltower-vorstadt.de\/blog\/wp-json\/wp\/v2\/comments?post=1001"}],"version-history":[{"count":3,"href":"https:\/\/initiative-teltower-vorstadt.de\/blog\/wp-json\/wp\/v2\/posts\/1001\/revisions"}],"predecessor-version":[{"id":1284,"href":"https:\/\/initiative-teltower-vorstadt.de\/blog\/wp-json\/wp\/v2\/posts\/1001\/revisions\/1284"}],"wp:attachment":[{"href":"https:\/\/initiative-teltower-vorstadt.de\/blog\/wp-json\/wp\/v2\/media?parent=1001"}],"wp:term":[{"taxonomy":"category","embeddable":true,"href":"https:\/\/initiative-teltower-vorstadt.de\/blog\/wp-json\/wp\/v2\/categories?post=1001"},{"taxonomy":"post_tag","embeddable":true,"href":"https:\/\/initiative-teltower-vorstadt.de\/blog\/wp-json\/wp\/v2\/tags?post=1001"}],"curies":[{"name":"wp","href":"https:\/\/api.w.org\/{rel}","templated":true}]}}